{"id":1048,"date":"2025-09-29T16:42:11","date_gmt":"2025-09-29T19:42:11","guid":{"rendered":"https:\/\/ipetech.ufla.br\/?p=1048"},"modified":"2025-09-30T11:12:43","modified_gmt":"2025-09-30T14:12:43","slug":"vuei-na-ufla-cultivando-inovacao-e-empreendedorismo","status":"publish","type":"post","link":"https:\/\/ipetech.ufla.br\/index.php\/2025\/09\/29\/vuei-na-ufla-cultivando-inovacao-e-empreendedorismo\/","title":{"rendered":"Vuei na UFLA: cultivando inova\u00e7\u00e3o e empreendedorismo"},"content":{"rendered":"\n<p><em>Equipe Vuei Para\u00edso em visita ao Ip\u00eaTech Lavras (2023)<\/em><\/p>\n\n\n\n<p>A inova\u00e7\u00e3o verdadeira n\u00e3o surge por acaso: ela exige prop\u00f3sito, estrutura e coragem para reinventar. \u00c9 exatamente esse esp\u00edrito que o Projeto <em>Viv\u00eancia Universit\u00e1ria em Empreendedorismo e Inova\u00e7\u00e3o<\/em> (Vuei) est\u00e1 trazendo novamente para a Universidade Federal de Lavras (UFLA). Vamos ver por que esse projeto importa para o ecossistema regional.<\/p>\n\n\n\n<h3 class=\"wp-block-heading\"><strong>O que \u00e9 o Vuei<\/strong><\/h3>\n\n\n\n<ul class=\"wp-block-list\">\n<li><strong>Origem e objetivo<\/strong><strong><br><\/strong>Projeto idealizado pela Secretaria de Estado de Desenvolvimento Econ\u00f4mico de Minas Gerais (SEDE\/MG), com apoio da Fapemig, o Vuei busca estimular os ecossistemas de educa\u00e7\u00e3o superior no estado para fomentar o empreendedorismo e a inova\u00e7\u00e3o.<br><\/li>\n\n\n\n<li><strong>P\u00fablico-alvo<\/strong><strong><br><\/strong>Institui\u00e7\u00f5es de Ensino Superior (p\u00fablicas e privadas) em Minas Gerais, suas comunidades acad\u00eamicas, estudantes, professores, pesquisadores e, de modo crescente, o entorno regional (empresas, governo local, setor privado).<a href=\"https:\/\/new.ufla.br\/noticias\/267-representante-da-sede-visita-universidades-integrantes-do-projeto-vuei-em-lavras?utm_source=chatgpt.com\"><br><\/a><\/li>\n\n\n\n<li><strong>Como funciona<\/strong><strong><br><\/strong>O Vuei estrutura-se em fases, normalmente com etapas como diagn\u00f3stico de maturidade, embarque, prepara\u00e7\u00e3o, acelera\u00e7\u00e3o e voo, nas quais cada institui\u00e7\u00e3o participante elabora planos de a\u00e7\u00e3o, executa atividades (capacita\u00e7\u00f5es, oficinas, conex\u00e3o com empresas etc.), recebe mentorias, mobiliza estudantes e mede evolu\u00e7\u00e3o em indicadores de ambiente empreendedor, cultura de inova\u00e7\u00e3o, conex\u00e3o com mercado e com setor p\u00fablico.<br><\/li>\n<\/ul>\n\n\n\n<h3 class=\"wp-block-heading\"><strong>O que j\u00e1 foi realizado<\/strong><\/h3>\n\n\n\n<ul class=\"wp-block-list\">\n<li><strong>Estrutura\u00e7\u00f5es importantes<\/strong><strong><br><\/strong>Em Para\u00edso, por exemplo, foi criado o <em>NITESSP<\/em> (N\u00facleo de Inova\u00e7\u00e3o Tecnol\u00f3gica do ICTIN) e o <em>NEEItech<\/em> (N\u00facleo de Estudos em Empreendedorismo, Inova\u00e7\u00e3o e Tecnologia). Estes n\u00facleos ajudam a institucionalizar o trabalho, dando continuidade mesmo al\u00e9m das fases formais do projeto.<br><\/li>\n\n\n\n<li><strong>Atividades pr\u00e1ticas<\/strong><strong><br><\/strong>O Vuei promoveu oficinas, palestras, envolvimento de estudantes com empresas locais, diagn\u00f3sticos de empreendedorismo nos campi, a\u00e7\u00f5es de sensibiliza\u00e7\u00e3o (para alunos de ensino m\u00e9dio, por exemplo), participa\u00e7\u00e3o em eventos de inova\u00e7\u00e3o, bootcamps, forma\u00e7\u00e3o de times e muito mais. O foco \u00e9 trazer inova\u00e7\u00e3o n\u00e3o s\u00f3 como teoria, mas como pr\u00e1tica e cultura.<br><\/li>\n<\/ul>\n\n\n\n<h3 class=\"wp-block-heading\"><strong>Impactos observados<\/strong><\/h3>\n\n\n\n<ol class=\"wp-block-list\">\n<li><strong>Mudan\u00e7a de mentalidade<br><\/strong>Estudantes e docentes t\u00eam sido imersos numa cultura empreendedora e de inova\u00e7\u00e3o, ultrapassando o \u201cpensar no diploma\u201d para \u201cpensar em gerar impacto\u201d. Essa \u00e9 uma alavanca para transformar ambientes acad\u00eamicos em espa\u00e7os de cria\u00e7\u00e3o cont\u00ednua.<\/li>\n<\/ol>\n\n\n\n<ol start=\"2\" class=\"wp-block-list\">\n<li><strong>Integra\u00e7\u00e3o academia \u00d7 mercado \u00d7 governo<\/strong><strong><br><\/strong>O Vuei refor\u00e7a essa tr\u00edade: conectar os estudantes com empresas, desafios reais, rede p\u00fablica; levar solu\u00e7\u00f5es universit\u00e1rias para problemas concretos; incentivar colabora\u00e7\u00f5es que perdurem. Isso potencializa inova\u00e7\u00e3o local e desenvolvimento regional.<\/li>\n<\/ol>\n\n\n\n<ol start=\"3\" class=\"wp-block-list\">\n<li><strong>Forma\u00e7\u00e3o de futuros empreendedores<br><\/strong>Para al\u00e9m de abrir espa\u00e7o para ideias inovadoras, o projeto promove capacita\u00e7\u00e3o: alunos aprendendo gest\u00e3o, estrutura\u00e7\u00e3o de ideias, modelo de neg\u00f3cios, criar empresa j\u00fanior, trabalhar projetos de startup, etc. Essas compet\u00eancias s\u00e3o decisivas no mundo atual.<\/li>\n\n\n\n<li><strong>Fortalecimento institucional do ecossistema<\/strong><strong><br><\/strong>A implanta\u00e7\u00e3o de n\u00facleos, espa\u00e7os de inova\u00e7\u00e3o, hubs, programas de pr\u00e9-incuba\u00e7\u00e3o, e consultorias especializadas tornam a universidade mais preparada para sustentar iniciativas futuras, fomentar novas parcerias, receber editais, atrair recursos.<br><\/li>\n<\/ol>\n\n\n\n<h3 class=\"wp-block-heading\"><strong>Time Vuei 2026<\/strong><\/h3>\n\n\n\n<p>O Projeto Vuei tem sido um divisor de \u00e1guas para a UFLA. Ele n\u00e3o est\u00e1 apenas implantando iniciativas pontuais, mas construindo infraestrutura, cultura e estrutura institucional para que inova\u00e7\u00e3o e empreendedorismo deixem de ser exce\u00e7\u00f5es e passem a ser parte do DNA da universidade. Para o Ip\u00eaTech, esse projeto se alinha diretamente com sua miss\u00e3o de promover inova\u00e7\u00e3o, tecnologia e desenvolvimento local.&nbsp;<\/p>\n\n\n\n<p>Com base nesse projeto, estamos dando in\u00edcio \u00e0 forma\u00e7\u00e3o de uma nova equipe dedicada a fortalecer a inova\u00e7\u00e3o e o empreendedorismo na UFLA, ampliando os resultados e preparando o futuro do Ip\u00eaTech. At\u00e9 o dia 5 de outubro estamos com <a href=\"https:\/\/ipetech.ufla.br\/index.php\/2025\/09\/29\/projeto-ipestart-centro-de-inovacao-e-empreendedorismo-universitario-cieu\/\">oportunidades abertas<\/a> para atua\u00e7\u00e3o em nosso Projeto Ip\u00eaStart &#8211; Centro de Inova\u00e7\u00e3o e Empreendedorismo Universit\u00e1rio (CIEU), no Ip\u00eaTech Lavras.<\/p>\n\n\n\n<ul class=\"wp-block-list\">\n<li><strong>BDCTI II (R$ 3.400,00)<\/strong> \u2192 Vaga para mestre, doutorando ou graduado com 4 anos de experi\u00eancia em inova\u00e7\u00e3o, para atuar como executor do projeto Ip\u00eaStart, coordenando atividades estrat\u00e9gicas<br>Edital_BDCTI &#8211; II<br><\/li>\n\n\n\n<li><strong>BDCTI IV (R$ 1.760,00)<\/strong> \u2192 Vaga para graduado, apoio operacional do CIEU, organiza\u00e7\u00e3o de eventos, supervis\u00e3o de bolsistas e suporte \u00e0s trilhas formativas<br>Edital_BDCTI &#8211; IV<br><\/li>\n\n\n\n<li><strong>BDCTI VI (R$ 770,00)<\/strong> \u2192 4 vagas para estudantes de gradua\u00e7\u00e3o, apoio \u00e0s atividades do Ip\u00eaStart (eventos, mentorias, pr\u00e9-incuba\u00e7\u00e3o e comunica\u00e7\u00e3o)<\/li>\n<\/ul>\n\n\n\n<p><\/p>\n","protected":false},"excerpt":{"rendered":"<p>Equipe Vuei Para\u00edso em visita ao Ip\u00eaTech Lavras (2023) A inova\u00e7\u00e3o verdadeira n\u00e3o surge por acaso: ela exige prop\u00f3sito, estrutura e coragem para reinventar. \u00c9 exatamente esse esp\u00edrito que o Projeto Viv\u00eancia Universit\u00e1ria em Empreendedorismo e Inova\u00e7\u00e3o (Vuei) est\u00e1 trazendo novamente para a Universidade Federal de Lavras (UFLA). Vamos ver por que esse projeto importa [&hellip;]<\/p>\n","protected":false},"author":4,"featured_media":1052,"comment_status":"open","ping_status":"open","sticky":false,"template":"","format":"standard","meta":{"saved_in_kubio":false,"footnotes":""},"categories":[14],"tags":[],"class_list":["post-1048","post","type-post","status-publish","format-standard","has-post-thumbnail","hentry","category-artigos"],"_links":{"self":[{"href":"https:\/\/ipetech.ufla.br\/index.php\/wp-json\/wp\/v2\/posts\/1048","targetHints":{"allow":["GET"]}}],"collection":[{"href":"https:\/\/ipetech.ufla.br\/index.php\/wp-json\/wp\/v2\/posts"}],"about":[{"href":"https:\/\/ipetech.ufla.br\/index.php\/wp-json\/wp\/v2\/types\/post"}],"author":[{"embeddable":true,"href":"https:\/\/ipetech.ufla.br\/index.php\/wp-json\/wp\/v2\/users\/4"}],"replies":[{"embeddable":true,"href":"https:\/\/ipetech.ufla.br\/index.php\/wp-json\/wp\/v2\/comments?post=1048"}],"version-history":[{"count":5,"href":"https:\/\/ipetech.ufla.br\/index.php\/wp-json\/wp\/v2\/posts\/1048\/revisions"}],"predecessor-version":[{"id":1061,"href":"https:\/\/ipetech.ufla.br\/index.php\/wp-json\/wp\/v2\/posts\/1048\/revisions\/1061"}],"wp:featuredmedia":[{"embeddable":true,"href":"https:\/\/ipetech.ufla.br\/index.php\/wp-json\/wp\/v2\/media\/1052"}],"wp:attachment":[{"href":"https:\/\/ipetech.ufla.br\/index.php\/wp-json\/wp\/v2\/media?parent=1048"}],"wp:term":[{"taxonomy":"category","embeddable":true,"href":"https:\/\/ipetech.ufla.br\/index.php\/wp-json\/wp\/v2\/categories?post=1048"},{"taxonomy":"post_tag","embeddable":true,"href":"https:\/\/ipetech.ufla.br\/index.php\/wp-json\/wp\/v2\/tags?post=1048"}],"curies":[{"name":"wp","href":"https:\/\/api.w.org\/{rel}","templated":true}]}}