{"id":1170,"date":"2025-12-09T14:57:30","date_gmt":"2025-12-09T17:57:30","guid":{"rendered":"https:\/\/ipetech.ufla.br\/?p=1170"},"modified":"2025-12-09T14:57:30","modified_gmt":"2025-12-09T17:57:30","slug":"ipetech-lavras-recebeu-a-quarta-edicao-do-senac-x","status":"publish","type":"post","link":"https:\/\/ipetech.ufla.br\/index.php\/2025\/12\/09\/ipetech-lavras-recebeu-a-quarta-edicao-do-senac-x\/","title":{"rendered":"Ip\u00eaTech Lavras recebeu a quarta edi\u00e7\u00e3o do Senac X"},"content":{"rendered":"\n<p>O Parque Cient\u00edfico e Tecnol\u00f3gico dos Ip\u00eas &#8211; Ip\u00eaTech Lavras recebeu uma nova edi\u00e7\u00e3o do Senac X, programa de forma\u00e7\u00e3o empreendedora e tecnol\u00f3gica do Senac em Lavras, integrante do Sistema Fecom\u00e9rcio MG, voltado ao desenvolvimento de compet\u00eancias digitais, colaborativas e criativas em estudantes do Ensino M\u00e9dio. A a\u00e7\u00e3o ocorreu entre 1\/12 e 6\/12 e reuniu 80 jovens de tr\u00eas escolas p\u00fablicas estaduais do Munic\u00edpio &#8211;&nbsp; Cinira Carvalho, Azarias Ribeiro e Dr. Jo\u00e3o Batista Hermeto &#8211; em uma maratona pr\u00e1tica dedicada \u00e0 cria\u00e7\u00e3o de solu\u00e7\u00f5es inovadoras.<\/p>\n\n\n\n<p>O Senac X trabalha com o percurso \u201czero to hero\u201d, no qual os participantes identificam problemas reais do cotidiano, constroem ideias, recebem mentorias e validam prot\u00f3tipos ao longo da semana. Cada equipe desenvolveu uma solu\u00e7\u00e3o com potencial de impacto social ou aplica\u00e7\u00e3o no com\u00e9rcio de bens, servi\u00e7os e turismo, setores estrat\u00e9gicos para o desenvolvimento regional. Durante a programa\u00e7\u00e3o, os estudantes contaram com materiais, ferramentas e apoio t\u00e9cnico de especialistas, transformando desafios em oportunidades durante uma semana marcada por inova\u00e7\u00e3o e aprendizado.<\/p>\n\n\n\n<p>No encerramento, as equipes apresentaram, no anfiteatro do Parque Tecnol\u00f3gico, os projetos desenvolvidos ao longo da semana. As propostas foram avaliadas por uma banca de jurados convidados, que analisou o potencial de inova\u00e7\u00e3o e a aplicabilidade no contexto local, dentre eles o assessor do Ip\u00eaTech, professor Alex Bager.<\/p>\n\n\n\n<p>A maior parte das solu\u00e7\u00f5es apresentadas dialogou diretamente com os desafios do \u201cPacto pela Inova\u00e7\u00e3o de Lavras\u201d, iniciativa que une Universidade, poder p\u00fablico, empresas, empreendedores e sociedade civil para fortalecer o ambiente de inova\u00e7\u00e3o, competitividade e sustentabilidade no Munic\u00edpio. As equipes premiadas foram \u201cPulse +\u201d em primeiro lugar, \u201cMapeie\u201d em segundo e \u201cEncantos de Lavras\u201d em terceiro.&nbsp;<\/p>\n\n\n\n<p><strong>Conex\u00e3o com o mercado<\/strong><\/p>\n\n\n\n<p>Essa foi a quarta edi\u00e7\u00e3o do Senac X realizada no Munic\u00edpio. O programa vem se mostrando uma porta de entrada para o mercado de trabalho, j\u00e1 que h\u00e1 casos de alunos que foram procurados por mentores ap\u00f3s participarem da iniciativa. Nesta edi\u00e7\u00e3o, dez empresas de Lavras contribu\u00edram com sua experi\u00eancia. A din\u00e2mica envolveu mentores internos (quatro de Lavras e quatro de outras cidades mineiras), que acompanharam as oito equipes formadas, e mentores externos, dispon\u00edveis para consulta pelos times sempre que necess\u00e1rio.<\/p>\n\n\n\n<p>Ant\u00f4nio Henrique Viana, que \u00e9 membro do projeto Ip\u00eaStart e atuou como mentor externo nesta edi\u00e7\u00e3o, afirmou que a transforma\u00e7\u00e3o dos jovens foi o que mais chamou a sua aten\u00e7\u00e3o nos participantes. \u201c\u00c9 um trabalho que, apesar de ser muito puxado, \u00e9 feito com uma energia e empolga\u00e7\u00e3o contagiantes. Mas o ponto mais fascinante \u00e9 ver o perfil dos participantes mudando dia ap\u00f3s dia. Jovens que chegam parecendo t\u00edmidos no primeiro momento evoluem rapidamente para um comportamento assertivo e muito engajado. Eles saem daqui sabendo trabalhar de forma colaborativa e eficiente\u201d, ressaltou.<\/p>\n","protected":false},"excerpt":{"rendered":"<p>O Parque Cient\u00edfico e Tecnol\u00f3gico dos Ip\u00eas &#8211; Ip\u00eaTech Lavras recebeu uma nova edi\u00e7\u00e3o do Senac X, programa de forma\u00e7\u00e3o empreendedora e tecnol\u00f3gica do Senac em Lavras, integrante do Sistema Fecom\u00e9rcio MG, voltado ao desenvolvimento de compet\u00eancias digitais, colaborativas e criativas em estudantes do Ensino M\u00e9dio. A a\u00e7\u00e3o ocorreu entre 1\/12 e 6\/12 e reuniu [&hellip;]<\/p>\n","protected":false},"author":4,"featured_media":1171,"comment_status":"open","ping_status":"open","sticky":false,"template":"","format":"standard","meta":{"saved_in_kubio":false,"footnotes":""},"categories":[8],"tags":[],"class_list":["post-1170","post","type-post","status-publish","format-standard","has-post-thumbnail","hentry","category-noticias"],"_links":{"self":[{"href":"https:\/\/ipetech.ufla.br\/index.php\/wp-json\/wp\/v2\/posts\/1170","targetHints":{"allow":["GET"]}}],"collection":[{"href":"https:\/\/ipetech.ufla.br\/index.php\/wp-json\/wp\/v2\/posts"}],"about":[{"href":"https:\/\/ipetech.ufla.br\/index.php\/wp-json\/wp\/v2\/types\/post"}],"author":[{"embeddable":true,"href":"https:\/\/ipetech.ufla.br\/index.php\/wp-json\/wp\/v2\/users\/4"}],"replies":[{"embeddable":true,"href":"https:\/\/ipetech.ufla.br\/index.php\/wp-json\/wp\/v2\/comments?post=1170"}],"version-history":[{"count":1,"href":"https:\/\/ipetech.ufla.br\/index.php\/wp-json\/wp\/v2\/posts\/1170\/revisions"}],"predecessor-version":[{"id":1172,"href":"https:\/\/ipetech.ufla.br\/index.php\/wp-json\/wp\/v2\/posts\/1170\/revisions\/1172"}],"wp:featuredmedia":[{"embeddable":true,"href":"https:\/\/ipetech.ufla.br\/index.php\/wp-json\/wp\/v2\/media\/1171"}],"wp:attachment":[{"href":"https:\/\/ipetech.ufla.br\/index.php\/wp-json\/wp\/v2\/media?parent=1170"}],"wp:term":[{"taxonomy":"category","embeddable":true,"href":"https:\/\/ipetech.ufla.br\/index.php\/wp-json\/wp\/v2\/categories?post=1170"},{"taxonomy":"post_tag","embeddable":true,"href":"https:\/\/ipetech.ufla.br\/index.php\/wp-json\/wp\/v2\/tags?post=1170"}],"curies":[{"name":"wp","href":"https:\/\/api.w.org\/{rel}","templated":true}]}}