{"id":1173,"date":"2025-12-15T11:47:29","date_gmt":"2025-12-15T14:47:29","guid":{"rendered":"https:\/\/ipetech.ufla.br\/?p=1173"},"modified":"2025-12-15T11:49:15","modified_gmt":"2025-12-15T14:49:15","slug":"startups-colheita-digital-el-deposito-de-cafe-e-hey-wood-vencem-o-avanca-cafe-2025","status":"publish","type":"post","link":"https:\/\/ipetech.ufla.br\/index.php\/2025\/12\/15\/startups-colheita-digital-el-deposito-de-cafe-e-hey-wood-vencem-o-avanca-cafe-2025\/","title":{"rendered":"Startups Colheita Digital, El Dep\u00f3sito de Caf\u00e9 e Hey Wood vencem o Avan\u00e7a Caf\u00e9 2025"},"content":{"rendered":"\n<p>A startup Colheita Digital sagrou-se campe\u00e3 da s\u00e9tima edi\u00e7\u00e3o do Programa Avan\u00e7a Caf\u00e9, no Demoday ocorrido no dia 6\/12, transmitido pelo canal do Youtube do <a href=\"https:\/\/www.youtube.com\/@tecnoparqufv\">tecnoPARQ<\/a> da Universidade Federal de Vi\u00e7osa (UFV).&nbsp; O evento marcou o encerramento de mais uma edi\u00e7\u00e3o da jornada de acelera\u00e7\u00e3o, reunindo dezenas de startups, representantes institucionais e apoiadores da inova\u00e7\u00e3o na cafeicultura. Veja aqui o <a href=\"https:\/\/www.youtube.com\/watch?v=XTOu-4NnY-8\">Demoday<\/a>.<\/p>\n\n\n\n<p>Os agentes de acelera\u00e7\u00e3o Breno Carrara do tecnoPARQ da Universidade Federal de Vi\u00e7osa, Caio Vin\u00edcius Tancredi, Assessor de Acelera\u00e7\u00e3o do tecnoPARQ&nbsp; e Jo\u00e3o Pedro Vizel do Ip\u00eaTech da Universidade Federal de Lavras (UFLA), conduziram a premia\u00e7\u00e3o que contou com a participa\u00e7\u00e3o dos representantes institucionais da Embrapa, do tecnoPARQ\/UFV e do Ip\u00eaTech\/UFLA.&nbsp;<\/p>\n\n\n\n<p>Os premiados contam com apoio oferecido pela Organiza\u00e7\u00e3o das Cooperativas Brasileiras (OCB) no valor bruto total de R$ 42.000,00 (quarenta e dois mil reais), um valor a ser entregue como incentivo \u00e0s startups vencedoras, com incid\u00eancia de taxa de opera\u00e7\u00e3o. Em primeiro lugar ficou a startup <a href=\"https:\/\/www.instagram.com\/colheita.digital\/\">Colheita Digital<\/a>, que oferece uma solu\u00e7\u00e3o tecnol\u00f3gica criativa para registrar a produ\u00e7\u00e3o de caf\u00e9 de forma justa, r\u00e1pida e confi\u00e1vel, mesmo offline, com perfis para fiscal, m\u00e1quina e administrador. O sistema otimiza a gest\u00e3o, pagamentos e rastreabilidade, aumentando a transpar\u00eancia, produtividade e competitividade na cadeia do caf\u00e9.<\/p>\n\n\n\n<p>Em segundo lugar ficou a startup colombiana <a href=\"https:\/\/www.instagram.com\/eldepositocoffee\/\">El Dep\u00f3sito de Caf\u00e9<\/a>, que conecta consumidores e produtores de caf\u00e9s especiais por meio de experi\u00eancias sensoriais e an\u00e1lise de dados, oferecendo vendas presenciais e online. O modelo gera recomenda\u00e7\u00f5es personalizadas, dados para produtores e ser\u00e1 escalado para uma plataforma de maior alcance.<\/p>\n\n\n\n<p>O terceiro lugar foi para a startup <a href=\"https:\/\/www.instagram.com\/heywood.ind\/\">Hey, Wood!<\/a> que busca ressignificar a madeira do cafeeiro. No caso o que \u00e9 normalmente descartado no manejo da lavoura \u00e9 transformado em produtos \u00fanicos e cheios de hist\u00f3rias como copos, pires, mini coadores e \u00f3culos de sol, por exemplo.<\/p>\n\n\n\n<p>A s\u00e9tima edi\u00e7\u00e3o do Avan\u00e7a Caf\u00e9 terminou mas j\u00e1 est\u00e1 dispon\u00edvel o formul\u00e1rio de interesse da pr\u00f3xima edi\u00e7\u00e3o do Avan\u00e7a Caf\u00e9. Basta entrar no link: <a href=\"https:\/\/forms.gle\/y4zwHDpm5FqtHnha6\">https:\/\/forms.gle\/y4zwHDpm5FqtHnha6<\/a><\/p>\n\n\n\n<figure class=\"wp-block-image size-large\"><img fetchpriority=\"high\" decoding=\"async\" width=\"819\" height=\"1024\" src=\"https:\/\/ipetech.ufla.br\/wp-content\/uploads\/2025\/12\/Resultado-Avanca-Cafe-2-819x1024.png\" alt=\"\" class=\"wp-image-1178\" srcset=\"https:\/\/ipetech.ufla.br\/wp-content\/uploads\/2025\/12\/Resultado-Avanca-Cafe-2-819x1024.png 819w, https:\/\/ipetech.ufla.br\/wp-content\/uploads\/2025\/12\/Resultado-Avanca-Cafe-2-240x300.png 240w, https:\/\/ipetech.ufla.br\/wp-content\/uploads\/2025\/12\/Resultado-Avanca-Cafe-2-768x960.png 768w, https:\/\/ipetech.ufla.br\/wp-content\/uploads\/2025\/12\/Resultado-Avanca-Cafe-2-864x1080.png 864w, https:\/\/ipetech.ufla.br\/wp-content\/uploads\/2025\/12\/Resultado-Avanca-Cafe-2.png 945w\" sizes=\"(max-width: 819px) 100vw, 819px\" \/><\/figure>\n\n\n\n<p><strong>Sobre o Avan\u00e7a Caf\u00e9<\/strong><\/p>\n\n\n\n<p>O Avan\u00e7a Caf\u00e9 \u00e9 um programa de pr\u00e9-acelera\u00e7\u00e3o de startups idealizado pela Embrapa Caf\u00e9 e executado pela Universidade Federal de Vi\u00e7osa (UFV), por meio do Parque Tecnol\u00f3gico de Vi\u00e7osa (tecnoPARQ) e pela Universidade Federal de Lavras (UFLA), por meio do Parque Tecnol\u00f3gico e Cient\u00edfico dos Ip\u00eas. O programa est\u00e1 vinculado \u00e0 carteira de projetos do Cons\u00f3rcio Pesquisa Caf\u00e9 e tem por objetivo o desenvolvimento de solu\u00e7\u00f5es tecnol\u00f3gicas e inovadoras para a cadeia produtiva do caf\u00e9, a fim de impulsionar empresas e projetos nascentes.<\/p>\n\n\n\n<p>Antonio Luiz Oliveira Heberl\u00ea (MTb\/RS 6.160)<br>Embrapa Caf\u00e9<\/p>\n","protected":false},"excerpt":{"rendered":"<p>A startup Colheita Digital sagrou-se campe\u00e3 da s\u00e9tima edi\u00e7\u00e3o do Programa Avan\u00e7a Caf\u00e9, no Demoday ocorrido no dia 6\/12, transmitido pelo canal do Youtube do tecnoPARQ da Universidade Federal de Vi\u00e7osa (UFV).&nbsp; O evento marcou o encerramento de mais uma edi\u00e7\u00e3o da jornada de acelera\u00e7\u00e3o, reunindo dezenas de startups, representantes institucionais e apoiadores da inova\u00e7\u00e3o [&hellip;]<\/p>\n","protected":false},"author":4,"featured_media":1175,"comment_status":"open","ping_status":"open","sticky":false,"template":"","format":"standard","meta":{"saved_in_kubio":false,"footnotes":""},"categories":[8],"tags":[],"class_list":["post-1173","post","type-post","status-publish","format-standard","has-post-thumbnail","hentry","category-noticias"],"_links":{"self":[{"href":"https:\/\/ipetech.ufla.br\/index.php\/wp-json\/wp\/v2\/posts\/1173","targetHints":{"allow":["GET"]}}],"collection":[{"href":"https:\/\/ipetech.ufla.br\/index.php\/wp-json\/wp\/v2\/posts"}],"about":[{"href":"https:\/\/ipetech.ufla.br\/index.php\/wp-json\/wp\/v2\/types\/post"}],"author":[{"embeddable":true,"href":"https:\/\/ipetech.ufla.br\/index.php\/wp-json\/wp\/v2\/users\/4"}],"replies":[{"embeddable":true,"href":"https:\/\/ipetech.ufla.br\/index.php\/wp-json\/wp\/v2\/comments?post=1173"}],"version-history":[{"count":2,"href":"https:\/\/ipetech.ufla.br\/index.php\/wp-json\/wp\/v2\/posts\/1173\/revisions"}],"predecessor-version":[{"id":1179,"href":"https:\/\/ipetech.ufla.br\/index.php\/wp-json\/wp\/v2\/posts\/1173\/revisions\/1179"}],"wp:featuredmedia":[{"embeddable":true,"href":"https:\/\/ipetech.ufla.br\/index.php\/wp-json\/wp\/v2\/media\/1175"}],"wp:attachment":[{"href":"https:\/\/ipetech.ufla.br\/index.php\/wp-json\/wp\/v2\/media?parent=1173"}],"wp:term":[{"taxonomy":"category","embeddable":true,"href":"https:\/\/ipetech.ufla.br\/index.php\/wp-json\/wp\/v2\/categories?post=1173"},{"taxonomy":"post_tag","embeddable":true,"href":"https:\/\/ipetech.ufla.br\/index.php\/wp-json\/wp\/v2\/tags?post=1173"}],"curies":[{"name":"wp","href":"https:\/\/api.w.org\/{rel}","templated":true}]}}