{"id":1180,"date":"2025-12-16T11:40:28","date_gmt":"2025-12-16T14:40:28","guid":{"rendered":"https:\/\/ipetech.ufla.br\/?p=1180"},"modified":"2026-04-23T16:19:02","modified_gmt":"2026-04-23T19:19:02","slug":"ufla-celebra-chegada-das-oito-primeiras-empresas-residentes-no-parque-tecnologico-ipetech-lavras","status":"publish","type":"post","link":"https:\/\/ipetech.ufla.br\/index.php\/2025\/12\/16\/ufla-celebra-chegada-das-oito-primeiras-empresas-residentes-no-parque-tecnologico-ipetech-lavras\/","title":{"rendered":"UFLA celebra chegada das oito primeiras empresas residentes no parque tecnol\u00f3gico Ip\u00eaTech Lavras"},"content":{"rendered":"\n<p>Oito empresas receberam as chaves de suas instala\u00e7\u00f5es no parque tecnol\u00f3gico Ip\u00eaTech Lavras na \u00faltima quinta-feira (11\/12). A entrega ocorreu durante o evento Virada de Chave, promovido pela Diretoria de Parques Tecnol\u00f3gicos (DPT), que celebrou o in\u00edcio do programa de resid\u00eancia no empreendimento. Os editais aos quais as empresas de base tecnol\u00f3gica se candidataram foram publicados em julho deste ano, em chamamento p\u00fablico de fluxo cont\u00ednuo.<\/p>\n\n\n\n<p>&#8220;Para n\u00f3s, \u00e9 um marco: fechamos o ano, poucos meses ap\u00f3s a publica\u00e7\u00e3o do edital, com oito empresas iniciando sua jornada de resid\u00eancia. H\u00e1 tamb\u00e9m duas selecionadas pelo edital de loteamento, que v\u00e3o iniciar o processo de constru\u00e7\u00e3o de suas instala\u00e7\u00f5es, al\u00e9m de outras empresas em negocia\u00e7\u00e3o para ingresso no programa de resid\u00eancia&#8221;, avalia o diretor de Parques Tecnol\u00f3gicos, professor Antonio Chalfun Junior.<\/p>\n\n\n\n<p>As primeiras oito empresas residentes s\u00e3o a AgScan, que desenvolve tecnologias para o agro; a Biominas, com produ\u00e7\u00e3o de solu\u00e7\u00f5es tecnol\u00f3gicas sustent\u00e1veis e estrat\u00e9gicas em Sustentabilidade Ambiental, Social e de Governan\u00e7a (ESG); a Coffee Expert, com tecnologias para o caf\u00e9; a Compilart Tecnologia, com solu\u00e7\u00f5es para o mercado de food service; a Levty, focada em servi\u00e7os de transforma\u00e7\u00e3o digital e softwares customizados; a Ceifa, voltada \u00e0 inova\u00e7\u00e3o em mecaniza\u00e7\u00e3o agr\u00edcola; a Biomip Agentes Biol\u00f3gicos Ltda., com inova\u00e7\u00f5es em controle biol\u00f3gico de pragas; e a Vaca Roxa, dedicada ao desenvolvimento de tecnologias para a qualidade do leite.<\/p>\n\n\n\n<p>Representando a Reitoria no evento, o pr\u00f3-reitor de Pesquisa e Inova\u00e7\u00e3o, professor Luiz Roberto Batista, destacou que o Parque est\u00e1 avan\u00e7ando em sua fun\u00e7\u00e3o de impulsionar a inova\u00e7\u00e3o na cidade e na regi\u00e3o. &#8220;Toda a gest\u00e3o da Universidade est\u00e1 de portas abertas para receber e dialogar com as empresas residentes, trabalhar em melhorias e promover projetos comuns. Temos um edital em curso para estimular a inova\u00e7\u00e3o entre os pesquisadores da UFLA e, a partir dele, poderemos fortalecer, com certeza, o di\u00e1logo entre cientistas da Universidade e as empresas do Ip\u00eaTech&#8221;, ressaltou.<\/p>\n\n\n\n<p>Durante a cerim\u00f4nia, os representantes das novas residentes apresentaram informa\u00e7\u00f5es sobre sua atua\u00e7\u00e3o no mercado e receberam oficialmente, das m\u00e3os do professor Chalfun, as chaves para o in\u00edcio de suas atividades no Parque.&nbsp;Parte dessas primeiras empresas residentes traz em sua hist\u00f3ria uma trajet\u00f3ria de inova\u00e7\u00e3o que nasceu dentro da pr\u00f3pria UFLA, envolvendo iniciativas criadas por equipes da Universidade. \u00c9 o caso da Ceifa, por exemplo, que nasceu na Incubadora de Empresas de Base Tecnol\u00f3gica (Inbatec\/UFLA), graduou-se e agora torna-se residente no Ip\u00eaTech Lavras.&nbsp;<\/p>\n\n\n\n<p>A hist\u00f3ria pessoal de s\u00f3cios e gestores tamb\u00e9m traz marcos da interface com a UFLA e do papel da Institui\u00e7\u00e3o no impulso \u00e0 inova\u00e7\u00e3o. A diretora da Biomip, Fernanda Abreu, cursou mestrado e doutorado na Universidade e relata que sua ideia de empreender nasceu no ambiente acad\u00eamico. &#8220;Aqui eu enxerguei que poderia levar qualidade de vida ao produtor rural e fundei a empresa em 2019. Sempre mantive o interesse pela pesquisa. Poder voltar para a UFLA resgata o meu lado de pesquisadora, o que ser\u00e1 um diferencial para a empresa. Estar no Ip\u00eaTech significa ter contato com conhecimentos que podem chegar ao produtor, ter proximidade com outras empresas que agregar\u00e3o benef\u00edcios aos meus processos, al\u00e9m da oportunidade de trabalhar com bolsistas e estimular carreiras em Pesquisa e Desenvolvimento (P&amp;D), como aconteceu comigo. O Ip\u00eaTech permite ainda divulgar a empresa, compartilhar experi\u00eancias e contribuir para o est\u00edmulo \u00e0 economia e \u00e0 inova\u00e7\u00e3o&#8221;, afirma.<\/p>\n\n\n\n<p>Ap\u00f3s a cerim\u00f4nia, foi realizado um coquetel de celebra\u00e7\u00e3o, em reconhecimento ao trabalho constru\u00eddo de forma conjunta e ao fortalecimento do ambiente de inova\u00e7\u00e3o da UFLA.<\/p>\n\n\n\n<p><a href=\"https:\/\/photos.app.goo.gl\/G4dMHKrNPaj9bqMW9\">Acesse o \u00e1lbum de fotos do evento<\/a><\/p>\n\n\n\n<p>Fonte: Portal UFLA<\/p>\n\n\n\n<p><\/p>\n","protected":false},"excerpt":{"rendered":"<p>Oito empresas receberam as chaves de suas instala\u00e7\u00f5es no parque tecnol\u00f3gico Ip\u00eaTech Lavras na \u00faltima quinta-feira (11\/12). A entrega ocorreu durante o evento Virada de Chave, promovido pela Diretoria de Parques Tecnol\u00f3gicos (DPT), que celebrou o in\u00edcio do programa de resid\u00eancia no empreendimento. Os editais aos quais as empresas de base tecnol\u00f3gica se candidataram foram [&hellip;]<\/p>\n","protected":false},"author":4,"featured_media":1182,"comment_status":"open","ping_status":"open","sticky":false,"template":"","format":"standard","meta":{"saved_in_kubio":false,"footnotes":""},"categories":[8],"tags":[],"class_list":["post-1180","post","type-post","status-publish","format-standard","has-post-thumbnail","hentry","category-noticias"],"_links":{"self":[{"href":"https:\/\/ipetech.ufla.br\/index.php\/wp-json\/wp\/v2\/posts\/1180","targetHints":{"allow":["GET"]}}],"collection":[{"href":"https:\/\/ipetech.ufla.br\/index.php\/wp-json\/wp\/v2\/posts"}],"about":[{"href":"https:\/\/ipetech.ufla.br\/index.php\/wp-json\/wp\/v2\/types\/post"}],"author":[{"embeddable":true,"href":"https:\/\/ipetech.ufla.br\/index.php\/wp-json\/wp\/v2\/users\/4"}],"replies":[{"embeddable":true,"href":"https:\/\/ipetech.ufla.br\/index.php\/wp-json\/wp\/v2\/comments?post=1180"}],"version-history":[{"count":1,"href":"https:\/\/ipetech.ufla.br\/index.php\/wp-json\/wp\/v2\/posts\/1180\/revisions"}],"predecessor-version":[{"id":1183,"href":"https:\/\/ipetech.ufla.br\/index.php\/wp-json\/wp\/v2\/posts\/1180\/revisions\/1183"}],"wp:featuredmedia":[{"embeddable":true,"href":"https:\/\/ipetech.ufla.br\/index.php\/wp-json\/wp\/v2\/media\/1182"}],"wp:attachment":[{"href":"https:\/\/ipetech.ufla.br\/index.php\/wp-json\/wp\/v2\/media?parent=1180"}],"wp:term":[{"taxonomy":"category","embeddable":true,"href":"https:\/\/ipetech.ufla.br\/index.php\/wp-json\/wp\/v2\/categories?post=1180"},{"taxonomy":"post_tag","embeddable":true,"href":"https:\/\/ipetech.ufla.br\/index.php\/wp-json\/wp\/v2\/tags?post=1180"}],"curies":[{"name":"wp","href":"https:\/\/api.w.org\/{rel}","templated":true}]}}