{"id":1190,"date":"2026-01-12T15:59:33","date_gmt":"2026-01-12T18:59:33","guid":{"rendered":"https:\/\/ipetech.ufla.br\/?p=1190"},"modified":"2026-01-12T15:59:33","modified_gmt":"2026-01-12T18:59:33","slug":"avcb-marca-a-conclusao-da-ultima-etapa-para-o-funcionamento-pleno-do-ipetech-lavras","status":"publish","type":"post","link":"https:\/\/ipetech.ufla.br\/index.php\/2026\/01\/12\/avcb-marca-a-conclusao-da-ultima-etapa-para-o-funcionamento-pleno-do-ipetech-lavras\/","title":{"rendered":"AVCB marca a conclus\u00e3o da \u00faltima etapa para o funcionamento pleno do Ip\u00eaTech Lavras"},"content":{"rendered":"\n<p><em>Por\u00a0<\/em><strong>Simone Paiva<\/strong>\u00a0\u2013 Analista de Comunica\u00e7\u00e3o da FUNDECC \u2013\u00a0<strong>12 de Janeiro de 2026<\/strong><\/p>\n\n\n\n<p><strong><mark><mark style=\"background-color:rgba(var(--kubio-color-5), 1)\" class=\"has-inline-color\">Libera\u00e7\u00e3o do Auto de Vistoria do Corpo de Bombeiros permite a opera\u00e7\u00e3o completa do Parque Tecnol\u00f3gico da UFLA, garantindo seguran\u00e7a e ampliando o ambiente de inova\u00e7\u00e3o, pesquisa e desenvolvimento.<\/mark><\/mark><\/strong><\/p>\n\n\n\n<p><em>\u201c<strong>N\u00e3o \u00e9 onde os olhos alcan\u00e7am; \u00e9 onde a mente levar<\/strong>.\u201d<\/em><\/p>\n\n\n\n<figure class=\"wp-block-image\"><img decoding=\"async\" src=\"https:\/\/fundecc.org.br\/wp-content\/uploads\/2026\/01\/20260107_1033411-edited-scaled.jpg\" alt=\"\" class=\"wp-image-10664\"\/><\/figure>\n\n\n\n<p>A frase do professor&nbsp;<strong>Antonio Chalfun Junior<\/strong>, docente do Departamento de Biologia (DBI) do Instituto de Ci\u00eancias Naturais (ICN) e diretor dos Parques Tecnol\u00f3gicos da&nbsp;<strong>Universidade Federal de Lavras<\/strong>&nbsp;(UFLA), sintetiza a proposta dos Parques Tecnol\u00f3gicos Ip\u00eaTech: ambientes voltados \u00e0 inova\u00e7\u00e3o, \u00e0 integra\u00e7\u00e3o de ideias e \u00e0 conex\u00e3o entre universidade, empresas e sociedade.<\/p>\n\n\n\n<p>Com a libera\u00e7\u00e3o do Auto de Vistoria do Corpo de Bombeiros (AVCB), o Ip\u00eaTech Lavras passa a operar sem impedimentos legais, permitindo a entrada e a perman\u00eancia de empresas de base tecnol\u00f3gica, startups e projetos de inova\u00e7\u00e3o, com seguran\u00e7a para pessoas, equipes e estruturas.<\/p>\n\n\n\n<p><strong><mark><mark style=\"background-color:rgba(var(--kubio-color-5), 1)\" class=\"has-inline-color\">Um parque inspirado na resili\u00eancia<\/mark><\/mark><\/strong><\/p>\n\n\n\n<figure class=\"wp-block-image\"><img decoding=\"async\" src=\"https:\/\/fundecc.org.br\/wp-content\/uploads\/2026\/01\/WhatsApp-Image-2026-01-12-at-14.28.08-edited-2.jpeg\" alt=\"\" class=\"wp-image-10669\"\/><\/figure>\n\n\n\n<p>O nome Ip\u00eaTech \u00e9 inspirado no ip\u00ea, \u00e1rvore s\u00edmbolo de Lavras e da regi\u00e3o, reconhecida pela resili\u00eancia, resist\u00eancia e capacidade de florescer mesmo em meio \u00e0s adversidades. O conceito reflete a ess\u00eancia do parque e do pr\u00f3prio processo de inova\u00e7\u00e3o cient\u00edfica e tecnol\u00f3gica.<\/p>\n\n\n\n<p>Segundo Chalfun, o ip\u00ea floresce quando tudo parece dif\u00edcil \u2014 e essa \u00e9 a ideia do parque: criar condi\u00e7\u00f5es para florescer e gerar frutos.<\/p>\n\n\n\n<p><strong><mark style=\"background-color:rgba(0, 0, 0, 0)\" class=\"has-inline-color has-kubio-color-6-color\">Estrutura e voca\u00e7\u00e3o tecnol\u00f3gica<\/mark><\/strong><\/p>\n\n\n\n<figure class=\"wp-block-image\"><img decoding=\"async\" src=\"https:\/\/fundecc.org.br\/wp-content\/uploads\/2026\/01\/WhatsApp-Image-2026-01-12-at-14.28.08-4-1024x768.jpeg\" alt=\"\" class=\"wp-image-10658\"\/><\/figure>\n\n\n\n<p>Localizado no campus da UFLA, o Ip\u00eaTech Lavras possui aproximadamente&nbsp;<strong>14 mil metros quadrados de \u00e1rea constru\u00edda<\/strong>&nbsp;e&nbsp;<strong>108 salas modulares<\/strong>, organizadas para receber empresas e projetos em diferentes est\u00e1gios de desenvolvimento. O parque conta ainda com&nbsp;<strong>22 lotes edific\u00e1veis<\/strong>, destinados a empresas interessadas em construir e instalar suas pr\u00f3prias unidades.<\/p>\n\n\n\n<figure class=\"wp-block-image\"><img decoding=\"async\" src=\"https:\/\/fundecc.org.br\/wp-content\/uploads\/2026\/01\/WhatsApp-Image-2026-01-12-at-14.28.09-1-1024x682.jpeg\" alt=\"\" class=\"wp-image-10657\"\/><\/figure>\n\n\n\n<p>O Ip\u00eaTech foi concebido para abrigar empresas de diferentes \u00e1reas tecnol\u00f3gicas, como&nbsp;<strong>Agroneg\u00f3cio, Biotecnologia, Ci\u00eancias Humanas e Sociais, Engenharias, Gest\u00e3o, Tecnologia Ambiental, Sa\u00fade e Tecnologia da Informa\u00e7\u00e3o<\/strong>.<\/p>\n\n\n\n<p>Atualmente,&nbsp;<strong>oito empresas<\/strong>&nbsp;j\u00e1 possuem contrato assinado para ocupa\u00e7\u00e3o do parque, al\u00e9m de&nbsp;<strong>duas empresas<\/strong>&nbsp;que adquiriram lotes para a implanta\u00e7\u00e3o de \u00e1reas de Pesquisa, Desenvolvimento e Inova\u00e7\u00e3o (PD&amp;I). Algumas delas percorreram todas as etapas de incuba\u00e7\u00e3o, gradua\u00e7\u00e3o e resid\u00eancia dentro do pr\u00f3prio ecossistema do Parque Tecnol\u00f3gico, evidenciando a maturidade do modelo adotado.<\/p>\n\n\n\n<p>De acordo com Chalfun, o Ip\u00eaTech n\u00e3o \u00e9 um espa\u00e7o destinado a aulas tradicionais, mas um ambiente de conviv\u00eancia, ideias e integra\u00e7\u00e3o entre pesquisa, conhecimento e mercado.<\/p>\n\n\n\n<p><strong><mark><mark style=\"background-color:rgba(var(--kubio-color-5), 1)\" class=\"has-inline-color\">Atua\u00e7\u00e3o da FUNDECC e da PROINFRA\/UFLA<\/mark><\/mark><\/strong><\/p>\n\n\n\n<figure class=\"wp-block-image\"><img decoding=\"async\" src=\"https:\/\/fundecc.org.br\/wp-content\/uploads\/2026\/01\/WhatsApp-Image-2026-01-12-at-14.54.54-edited.jpeg\" alt=\"\" class=\"wp-image-10665\"\/><figcaption class=\"wp-element-caption\">Ewerton Carvalho \u2013 Diretor Administrativo da FUNDECC<\/figcaption><\/figure>\n\n\n\n<p>A&nbsp;<strong>Funda\u00e7\u00e3o de Desenvolvimento Cient\u00edfico e Cultural<\/strong>&nbsp;(FUNDECC) teve papel estrat\u00e9gico na consolida\u00e7\u00e3o do Ip\u00eaTech Lavras, ao viabilizar e gerenciar projetos de consultoria t\u00e9cnica que possibilitaram a adequa\u00e7\u00e3o da estrutura \u00e0s exig\u00eancias do Corpo de Bombeiros e a obten\u00e7\u00e3o do AVCB.<\/p>\n\n\n\n<figure class=\"wp-block-image\"><img decoding=\"async\" src=\"https:\/\/fundecc.org.br\/wp-content\/uploads\/2026\/01\/WhatsApp-Image-2026-01-12-at-14.54.32-edited-2.jpeg\" alt=\"\" class=\"wp-image-10668\"\/><figcaption class=\"wp-element-caption\">Eliziane Denize de Castro e Penha -Pr\u00f3-Reitoria de Infraestrutura da UFLA (PROINFRA)<\/figcaption><\/figure>\n\n\n\n<p>A Pr\u00f3-Reitoria de Infraestrutura da UFLA (PROINFRA) tamb\u00e9m teve atua\u00e7\u00e3o central no processo. A pr\u00f3-reitora&nbsp;<strong>Eliziane Denize de Castro e Penha<\/strong>, t\u00e9cnica administrativa em Engenharia Civil, explica que a obten\u00e7\u00e3o do AVCB representa a conclus\u00e3o de um trabalho t\u00e9cnico extenso e criterioso, conduzido com foco absoluto na seguran\u00e7a das pessoas e das edifica\u00e7\u00f5es.<\/p>\n\n\n\n<p>Segundo ela, embora o parque sempre tenha contado com sistemas e equipamentos de seguran\u00e7a, como extintores e hidrantes, a regulariza\u00e7\u00e3o formal exigiu adequa\u00e7\u00f5es \u00e0s normas vigentes, an\u00e1lises detalhadas de projeto e acompanhamento t\u00e9cnico rigoroso, compat\u00edveis com a complexidade e o porte da estrutura.<\/p>\n\n\n\n<p>A pr\u00f3-reitora destaca ainda que o resultado foi poss\u00edvel gra\u00e7as \u00e0 atua\u00e7\u00e3o integrada entre os setores da Universidade e \u00e0 parceria com a FUNDECC, que ofereceu suporte administrativo essencial \u00e0s etapas de contrata\u00e7\u00e3o e execu\u00e7\u00e3o.<\/p>\n\n\n\n<p><strong><mark><mark style=\"background-color:rgba(var(--kubio-color-5), 1)\" class=\"has-inline-color\">A empresa Ceifa e os bolsistas: inova\u00e7\u00e3o na pr\u00e1tica<\/mark><\/mark><\/strong><\/p>\n\n\n\n<p>A presen\u00e7a da&nbsp;<strong>Ceifa<\/strong>, empresa incubada no parque, exemplifica o papel do Ip\u00eaTech na transforma\u00e7\u00e3o do conhecimento acad\u00eamico em solu\u00e7\u00f5es aplicadas. A empresa atua na \u00e1rea de inova\u00e7\u00e3o em mecaniza\u00e7\u00e3o agr\u00edcola e conta com bolsistas que vivenciam, na pr\u00e1tica, a integra\u00e7\u00e3o entre universidade e mercado.<\/p>\n\n\n\n<p>A bolsista&nbsp;<strong>Maria Gabriela Ven\u00e2ncio<\/strong>, formada em Agronomia, destaca o parque como uma oportunidade de crescimento profissional e aprendizado pr\u00e1tico. J\u00e1&nbsp;<strong>Lucas Gabriel de Lima Abreu<\/strong>, bolsista da Engenharia de Controle e Automa\u00e7\u00e3o, ressalta a expans\u00e3o do parque e o aumento das oportunidades para estudantes participarem de projetos reais, conectados \u00e0s demandas do mercado e da sociedade.<\/p>\n\n\n\n<p><strong><mark><mark style=\"background-color:rgba(var(--kubio-color-5), 1)\" class=\"has-inline-color\">Consolida\u00e7\u00e3o de um ambiente de inova\u00e7\u00e3o<\/mark><\/mark><\/strong><\/p>\n\n\n\n<p>Com o avan\u00e7o do Ip\u00eaTech Lavras, a UFLA fortalece um ambiente permanente de inova\u00e7\u00e3o, voltado \u00e0 atra\u00e7\u00e3o de empresas, \u00e0 forma\u00e7\u00e3o e reten\u00e7\u00e3o de talentos, ao empreendedorismo e ao desenvolvimento regional.<\/p>\n\n\n\n<p>Mais do que um espa\u00e7o f\u00edsico, o Ip\u00eaTech se consolida como um ecossistema vivo, onde ideias nascem, se desenvolvem e geram impacto para a universidade e para a sociedade.<\/p>\n","protected":false},"excerpt":{"rendered":"<p>Por\u00a0Simone Paiva\u00a0\u2013 Analista de Comunica\u00e7\u00e3o da FUNDECC \u2013\u00a012 de Janeiro de 2026 Libera\u00e7\u00e3o do Auto de Vistoria do Corpo de Bombeiros permite a opera\u00e7\u00e3o completa do Parque Tecnol\u00f3gico da UFLA, garantindo seguran\u00e7a e ampliando o ambiente de inova\u00e7\u00e3o, pesquisa e desenvolvimento. \u201cN\u00e3o \u00e9 onde os olhos alcan\u00e7am; \u00e9 onde a mente levar.\u201d A frase do [&hellip;]<\/p>\n","protected":false},"author":4,"featured_media":1191,"comment_status":"open","ping_status":"open","sticky":false,"template":"","format":"standard","meta":{"saved_in_kubio":false,"footnotes":""},"categories":[8],"tags":[],"class_list":["post-1190","post","type-post","status-publish","format-standard","has-post-thumbnail","hentry","category-noticias"],"_links":{"self":[{"href":"https:\/\/ipetech.ufla.br\/index.php\/wp-json\/wp\/v2\/posts\/1190","targetHints":{"allow":["GET"]}}],"collection":[{"href":"https:\/\/ipetech.ufla.br\/index.php\/wp-json\/wp\/v2\/posts"}],"about":[{"href":"https:\/\/ipetech.ufla.br\/index.php\/wp-json\/wp\/v2\/types\/post"}],"author":[{"embeddable":true,"href":"https:\/\/ipetech.ufla.br\/index.php\/wp-json\/wp\/v2\/users\/4"}],"replies":[{"embeddable":true,"href":"https:\/\/ipetech.ufla.br\/index.php\/wp-json\/wp\/v2\/comments?post=1190"}],"version-history":[{"count":1,"href":"https:\/\/ipetech.ufla.br\/index.php\/wp-json\/wp\/v2\/posts\/1190\/revisions"}],"predecessor-version":[{"id":1192,"href":"https:\/\/ipetech.ufla.br\/index.php\/wp-json\/wp\/v2\/posts\/1190\/revisions\/1192"}],"wp:featuredmedia":[{"embeddable":true,"href":"https:\/\/ipetech.ufla.br\/index.php\/wp-json\/wp\/v2\/media\/1191"}],"wp:attachment":[{"href":"https:\/\/ipetech.ufla.br\/index.php\/wp-json\/wp\/v2\/media?parent=1190"}],"wp:term":[{"taxonomy":"category","embeddable":true,"href":"https:\/\/ipetech.ufla.br\/index.php\/wp-json\/wp\/v2\/categories?post=1190"},{"taxonomy":"post_tag","embeddable":true,"href":"https:\/\/ipetech.ufla.br\/index.php\/wp-json\/wp\/v2\/tags?post=1190"}],"curies":[{"name":"wp","href":"https:\/\/api.w.org\/{rel}","templated":true}]}}