{"id":165,"date":"2025-01-21T11:00:51","date_gmt":"2025-01-21T14:00:51","guid":{"rendered":"https:\/\/ipetech.ufla.br\/?p=165"},"modified":"2025-06-24T10:09:43","modified_gmt":"2025-06-24T13:09:43","slug":"parque-tecnologico-da-ufla-lanca-o-novo-portal","status":"publish","type":"post","link":"https:\/\/ipetech.ufla.br\/index.php\/2025\/01\/21\/parque-tecnologico-da-ufla-lanca-o-novo-portal\/","title":{"rendered":"Diretoria de Parques Tecnol\u00f3gicos da UFLA (DPT) lan\u00e7a novo portal"},"content":{"rendered":"\t\t<div data-elementor-type=\"wp-post\" data-elementor-id=\"165\" class=\"elementor elementor-165\">\n\t\t\t\t<div class=\"elementor-element elementor-element-7063b16e e-flex e-con-boxed e-con e-parent\" data-id=\"7063b16e\" data-element_type=\"container\">\n\t\t\t\t\t<div class=\"e-con-inner\">\n\t\t\t\t<div class=\"elementor-element elementor-element-2514afc5 elementor-widget elementor-widget-text-editor\" data-id=\"2514afc5\" data-element_type=\"widget\" data-widget_type=\"text-editor.default\">\n\t\t\t\t\t\t\t\t\t\n<p>A Diretoria de Parques Tecnol\u00f3gicos da UFLA (DPT) \u00a0lan\u00e7ou oficialmente o novo portal institucional do Parque Cient\u00edfico e Tecnol\u00f3gico dos Ip\u00eas, marcando uma nova etapa na comunica\u00e7\u00e3o com empreendedores, pesquisadores, empresas e a sociedade.\u00a0<\/p>\n\n<p>A plataforma foi reformulada para apresentar, de forma clara e acess\u00edvel, as oportunidades de conex\u00e3o com a Universidade Federal de Lavras (UFLA) por meio dos programas de incuba\u00e7\u00e3o, resid\u00eancia empresarial, projetos de pr\u00e9-acelera\u00e7\u00e3o, al\u00e9m de iniciativas voltadas ao desenvolvimento regional.<\/p>\n\n<p>Com navega\u00e7\u00e3o intuitiva e informa\u00e7\u00f5es atualizadas, o portal re\u00fane dados sobre a estrutura do Parque, empresas vinculadas, editais abertos, eventos, not\u00edcias e formas de apoio \u00e0 inova\u00e7\u00e3o. A nova vers\u00e3o tamb\u00e9m facilita o contato com a equipe gestora, promovendo mais agilidade no atendimento de demandas externas.<\/p>\n\n<p>A reformula\u00e7\u00e3o integra as a\u00e7\u00f5es de reposicionamento do parque tecnol\u00f3gico, que recentemente passou a adotar a marca Ip\u00eaTech, conectando os c\u00e2mpus de Lavras e S\u00e3o Sebasti\u00e3o do Para\u00edso em uma atua\u00e7\u00e3o ainda mais ampla e estrat\u00e9gica.<\/p>\n\t\t\t\t\t\t\t\t<\/div>\n\t\t\t\t\t<\/div>\n\t\t\t\t<\/div>\n\t\t\t\t<\/div>\n\t\t","protected":false},"excerpt":{"rendered":"<p>A Diretoria de Parques Tecnol\u00f3gicos da UFLA (DPT) &nbsp;lan\u00e7ou oficialmente o novo portal institucional do Parque Cient\u00edfico e Tecnol\u00f3gico dos Ip\u00eas, marcando uma nova etapa na comunica\u00e7\u00e3o com empreendedores, pesquisadores, empresas e a sociedade.&nbsp; A plataforma foi reformulada para apresentar, de forma clara e acess\u00edvel, as oportunidades de conex\u00e3o com a Universidade Federal de Lavras [&hellip;]<\/p>\n","protected":false},"author":1,"featured_media":157,"comment_status":"open","ping_status":"open","sticky":false,"template":"","format":"standard","meta":{"saved_in_kubio":false,"footnotes":""},"categories":[8],"tags":[],"class_list":["post-165","post","type-post","status-publish","format-standard","has-post-thumbnail","hentry","category-noticias"],"_links":{"self":[{"href":"https:\/\/ipetech.ufla.br\/index.php\/wp-json\/wp\/v2\/posts\/165","targetHints":{"allow":["GET"]}}],"collection":[{"href":"https:\/\/ipetech.ufla.br\/index.php\/wp-json\/wp\/v2\/posts"}],"about":[{"href":"https:\/\/ipetech.ufla.br\/index.php\/wp-json\/wp\/v2\/types\/post"}],"author":[{"embeddable":true,"href":"https:\/\/ipetech.ufla.br\/index.php\/wp-json\/wp\/v2\/users\/1"}],"replies":[{"embeddable":true,"href":"https:\/\/ipetech.ufla.br\/index.php\/wp-json\/wp\/v2\/comments?post=165"}],"version-history":[{"count":7,"href":"https:\/\/ipetech.ufla.br\/index.php\/wp-json\/wp\/v2\/posts\/165\/revisions"}],"predecessor-version":[{"id":834,"href":"https:\/\/ipetech.ufla.br\/index.php\/wp-json\/wp\/v2\/posts\/165\/revisions\/834"}],"wp:featuredmedia":[{"embeddable":true,"href":"https:\/\/ipetech.ufla.br\/index.php\/wp-json\/wp\/v2\/media\/157"}],"wp:attachment":[{"href":"https:\/\/ipetech.ufla.br\/index.php\/wp-json\/wp\/v2\/media?parent=165"}],"wp:term":[{"taxonomy":"category","embeddable":true,"href":"https:\/\/ipetech.ufla.br\/index.php\/wp-json\/wp\/v2\/categories?post=165"},{"taxonomy":"post_tag","embeddable":true,"href":"https:\/\/ipetech.ufla.br\/index.php\/wp-json\/wp\/v2\/tags?post=165"}],"curies":[{"name":"wp","href":"https:\/\/api.w.org\/{rel}","templated":true}]}}