{"id":2191,"date":"2026-04-23T16:08:04","date_gmt":"2026-04-23T19:08:04","guid":{"rendered":"https:\/\/ipetech.ufla.br\/?p=2191"},"modified":"2026-04-23T16:18:28","modified_gmt":"2026-04-23T19:18:28","slug":"edital-dpt-ufla-no-05-2026","status":"publish","type":"post","link":"https:\/\/ipetech.ufla.br\/index.php\/2026\/04\/23\/edital-dpt-ufla-no-05-2026\/","title":{"rendered":"EDITAL DPT\/UFLA N\u00ba 05\/2026"},"content":{"rendered":"\n<p>O Parque Cient\u00edfico e Tecnol\u00f3gico dos Ip\u00eas Lavras \u2013 Ip\u00eaTech Lavras, no uso de suas atribui\u00e7\u00f5es legais, torna p\u00fablico o presente Edital de Sele\u00e7\u00e3o para 1 (um) bolsista, visando \u00e0 atua\u00e7\u00e3o integrada junto \u00e0 equipe do Ip\u00eaTech Lavras e da Incubadora de Empresas de Base Tecnol\u00f3gica da Universidade Federal de Lavras \u2013 Inbatec\/UFLA, e convida os interessados a participarem do processo seletivo, conforme as disposi\u00e7\u00f5es contidas no presente edital.<\/p>\n\n\n\n<div data-wp-interactive=\"core\/file\" class=\"wp-block-file\"><object data-wp-bind--hidden=\"!state.hasPdfPreview\" hidden class=\"wp-block-file__embed\" data=\"https:\/\/ipetech.ufla.br\/wp-content\/uploads\/2026\/04\/Edital_BDCTI-II-_-EngCivil-2.pdf\" type=\"application\/pdf\" style=\"width:100%;height:600px\" aria-label=\"Incorporado de Edital_BDCTI-II _ EngCivil.\"><\/object><a id=\"wp-block-file--media-cca6169b-32a4-4974-ae86-9f8ed864f1e6\" href=\"https:\/\/ipetech.ufla.br\/wp-content\/uploads\/2026\/04\/Edital_BDCTI-II-_-EngCivil-2.pdf\">Edital_BDCTI-II _ EngCivil<\/a><a href=\"https:\/\/ipetech.ufla.br\/wp-content\/uploads\/2026\/04\/Edital_BDCTI-II-_-EngCivil-2.pdf\" class=\"wp-block-file__button wp-element-button\" download aria-describedby=\"wp-block-file--media-cca6169b-32a4-4974-ae86-9f8ed864f1e6\">Baixar<\/a><\/div>\n\n\n\n<p><\/p>\n","protected":false},"excerpt":{"rendered":"<p>O Parque Cient\u00edfico e Tecnol\u00f3gico dos Ip\u00eas Lavras \u2013 Ip\u00eaTech Lavras, no uso de suas atribui\u00e7\u00f5es legais, torna p\u00fablico o presente Edital de Sele\u00e7\u00e3o para 1 (um) bolsista, visando \u00e0 atua\u00e7\u00e3o integrada junto \u00e0 equipe do Ip\u00eaTech Lavras e da Incubadora de Empresas de Base Tecnol\u00f3gica da Universidade Federal de Lavras \u2013 Inbatec\/UFLA, e convida [&hellip;]<\/p>\n","protected":false},"author":4,"featured_media":1786,"comment_status":"open","ping_status":"open","sticky":false,"template":"","format":"standard","meta":{"saved_in_kubio":false,"footnotes":""},"categories":[9],"tags":[],"class_list":["post-2191","post","type-post","status-publish","format-standard","has-post-thumbnail","hentry","category-trabalhe_conosco"],"_links":{"self":[{"href":"https:\/\/ipetech.ufla.br\/index.php\/wp-json\/wp\/v2\/posts\/2191","targetHints":{"allow":["GET"]}}],"collection":[{"href":"https:\/\/ipetech.ufla.br\/index.php\/wp-json\/wp\/v2\/posts"}],"about":[{"href":"https:\/\/ipetech.ufla.br\/index.php\/wp-json\/wp\/v2\/types\/post"}],"author":[{"embeddable":true,"href":"https:\/\/ipetech.ufla.br\/index.php\/wp-json\/wp\/v2\/users\/4"}],"replies":[{"embeddable":true,"href":"https:\/\/ipetech.ufla.br\/index.php\/wp-json\/wp\/v2\/comments?post=2191"}],"version-history":[{"count":1,"href":"https:\/\/ipetech.ufla.br\/index.php\/wp-json\/wp\/v2\/posts\/2191\/revisions"}],"predecessor-version":[{"id":2198,"href":"https:\/\/ipetech.ufla.br\/index.php\/wp-json\/wp\/v2\/posts\/2191\/revisions\/2198"}],"wp:featuredmedia":[{"embeddable":true,"href":"https:\/\/ipetech.ufla.br\/index.php\/wp-json\/wp\/v2\/media\/1786"}],"wp:attachment":[{"href":"https:\/\/ipetech.ufla.br\/index.php\/wp-json\/wp\/v2\/media?parent=2191"}],"wp:term":[{"taxonomy":"category","embeddable":true,"href":"https:\/\/ipetech.ufla.br\/index.php\/wp-json\/wp\/v2\/categories?post=2191"},{"taxonomy":"post_tag","embeddable":true,"href":"https:\/\/ipetech.ufla.br\/index.php\/wp-json\/wp\/v2\/tags?post=2191"}],"curies":[{"name":"wp","href":"https:\/\/api.w.org\/{rel}","templated":true}]}}