{"id":853,"date":"2025-06-25T09:54:11","date_gmt":"2025-06-25T12:54:11","guid":{"rendered":"https:\/\/ipetech.ufla.br\/?p=853"},"modified":"2025-06-25T10:25:38","modified_gmt":"2025-06-25T13:25:38","slug":"ufla-publica-editais-para-residencia-e-instalacao-de-empresas-no-ipetech-lavras","status":"publish","type":"post","link":"https:\/\/ipetech.ufla.br\/index.php\/2025\/06\/25\/ufla-publica-editais-para-residencia-e-instalacao-de-empresas-no-ipetech-lavras\/","title":{"rendered":"UFLA publica editais para resid\u00eancia e instala\u00e7\u00e3o de empresas no Ip\u00eaTech Lavras"},"content":{"rendered":"\n<p class=\"has-text-align-left\">A Universidade Federal de Lavras (UFLA), por meio da Diretoria de Parques Tecnol\u00f3gicos (DPT), torna p\u00fablica a abertura de dois editais de chamamento p\u00fablico em fluxo cont\u00ednuo, destinados \u00e0 sele\u00e7\u00e3o de empresas de base tecnol\u00f3gica para atua\u00e7\u00e3o no parque cient\u00edfico e tecnol\u00f3gico da Institui\u00e7\u00e3o.<\/p>\n\n\n\n<p class=\"has-text-align-left\">O <a href=\"https:\/\/ipetech.ufla.br\/index.php\/2025\/01\/21\/programas-de-residencia\/\">Edital n\u00ba 2\/2025<\/a> tem como objetivo a sele\u00e7\u00e3o de empresas para resid\u00eancia em espa\u00e7os f\u00edsicos j\u00e1 edificados no Parque Tecnol\u00f3gico, em modalidades individual ou espa\u00e7o compartilhado (<em>coworking<\/em>). J\u00e1 o <a href=\"https:\/\/ipetech.ufla.br\/index.php\/2025\/04\/29\/edital-de-loteamento\/\">Edital n\u00ba 3\/2025<\/a> contempla a sele\u00e7\u00e3o de empresas para constru\u00e7\u00e3o e instala\u00e7\u00e3o de suas unidades pr\u00f3prias em \u00e1reas edific\u00e1veis disponibilizadas pela UFLA.<\/p>\n\n\n\n<p class=\"has-text-align-left\">Podem participar dos processos empresas legalmente constitu\u00eddas, com perfil inovador ou de base tecnol\u00f3gica. Al\u00e9m disso, deve estar envolvida com pesquisa, projeto e desenvolvimento de produtos, processos ou servi\u00e7os que dialoguem com as \u00e1reas de conhecimento da Universidade, nas dimens\u00f5es do ensino, da pesquisa ou da extens\u00e3o. A prioridade \u00e9 para iniciativas voltadas aos setores de Agroneg\u00f3cio, Biotecnologia, Ci\u00eancias Humanas, Ci\u00eancias Sociais, Engenharias, Gest\u00e3o e Tecnologia Ambiental, Sa\u00fade e Tecnologia da Informa\u00e7\u00e3o.<\/p>\n\n\n\n<p class=\"has-text-align-left\">Os processos seletivos s\u00e3o conduzidos em duas etapas: an\u00e1lise da proposta de neg\u00f3cio e habilita\u00e7\u00e3o jur\u00eddica e fiscal. A avalia\u00e7\u00e3o das propostas considerar\u00e1, entre outros crit\u00e9rios, a viabilidade t\u00e9cnica e econ\u00f4mica, o grau de inova\u00e7\u00e3o, o potencial de intera\u00e7\u00e3o com a UFLA e o alinhamento com os objetivos estrat\u00e9gicos do Parque Tecnol\u00f3gico.<\/p>\n\n\n\n<p class=\"has-text-align-left\">As inscri\u00e7\u00f5es podem ser realizadas a qualquer tempo durante a vig\u00eancia dos editais, mediante preenchimento do formul\u00e1rio eletr\u00f4nico e envio da documenta\u00e7\u00e3o exigida. D\u00favidas poder\u00e3o ser encaminhadas para o endere\u00e7o eletr\u00f4nico: parque@ufla.br.<\/p>\n\n\n\n<p><\/p>\n","protected":false},"excerpt":{"rendered":"<p>A Universidade Federal de Lavras (UFLA), por meio da Diretoria de Parques Tecnol\u00f3gicos (DPT), torna p\u00fablica a abertura de dois editais de chamamento p\u00fablico em fluxo cont\u00ednuo, destinados \u00e0 sele\u00e7\u00e3o de empresas de base tecnol\u00f3gica para atua\u00e7\u00e3o no parque cient\u00edfico e tecnol\u00f3gico da Institui\u00e7\u00e3o. O Edital n\u00ba 2\/2025 tem como objetivo a sele\u00e7\u00e3o de empresas [&hellip;]<\/p>\n","protected":false},"author":4,"featured_media":854,"comment_status":"open","ping_status":"open","sticky":false,"template":"","format":"standard","meta":{"saved_in_kubio":false,"footnotes":""},"categories":[8],"tags":[],"class_list":["post-853","post","type-post","status-publish","format-standard","has-post-thumbnail","hentry","category-noticias"],"_links":{"self":[{"href":"https:\/\/ipetech.ufla.br\/index.php\/wp-json\/wp\/v2\/posts\/853","targetHints":{"allow":["GET"]}}],"collection":[{"href":"https:\/\/ipetech.ufla.br\/index.php\/wp-json\/wp\/v2\/posts"}],"about":[{"href":"https:\/\/ipetech.ufla.br\/index.php\/wp-json\/wp\/v2\/types\/post"}],"author":[{"embeddable":true,"href":"https:\/\/ipetech.ufla.br\/index.php\/wp-json\/wp\/v2\/users\/4"}],"replies":[{"embeddable":true,"href":"https:\/\/ipetech.ufla.br\/index.php\/wp-json\/wp\/v2\/comments?post=853"}],"version-history":[{"count":4,"href":"https:\/\/ipetech.ufla.br\/index.php\/wp-json\/wp\/v2\/posts\/853\/revisions"}],"predecessor-version":[{"id":859,"href":"https:\/\/ipetech.ufla.br\/index.php\/wp-json\/wp\/v2\/posts\/853\/revisions\/859"}],"wp:featuredmedia":[{"embeddable":true,"href":"https:\/\/ipetech.ufla.br\/index.php\/wp-json\/wp\/v2\/media\/854"}],"wp:attachment":[{"href":"https:\/\/ipetech.ufla.br\/index.php\/wp-json\/wp\/v2\/media?parent=853"}],"wp:term":[{"taxonomy":"category","embeddable":true,"href":"https:\/\/ipetech.ufla.br\/index.php\/wp-json\/wp\/v2\/categories?post=853"},{"taxonomy":"post_tag","embeddable":true,"href":"https:\/\/ipetech.ufla.br\/index.php\/wp-json\/wp\/v2\/tags?post=853"}],"curies":[{"name":"wp","href":"https:\/\/api.w.org\/{rel}","templated":true}]}}