{"id":879,"date":"2025-07-21T14:00:29","date_gmt":"2025-07-21T17:00:29","guid":{"rendered":"https:\/\/ipetech.ufla.br\/?p=879"},"modified":"2025-07-29T11:23:08","modified_gmt":"2025-07-29T14:23:08","slug":"avanca-cafe-sete-edicoes-de-inovacao-e-impacto-no-setor-cafeeiro","status":"publish","type":"post","link":"https:\/\/ipetech.ufla.br\/index.php\/2025\/07\/21\/avanca-cafe-sete-edicoes-de-inovacao-e-impacto-no-setor-cafeeiro\/","title":{"rendered":"Avan\u00e7a Caf\u00e9: sete edi\u00e7\u00f5es de inova\u00e7\u00e3o e impacto no setor cafeeiro"},"content":{"rendered":"\n<p>Com 76 projetos apoiados at\u00e9 o momento, o Avan\u00e7a Caf\u00e9 chega \u00e0 sua s\u00e9tima edi\u00e7\u00e3o consolidado como uma das principais iniciativas de incentivo \u00e0 inova\u00e7\u00e3o na cadeia produtiva do caf\u00e9 no Brasil. Realizado por meio de uma articula\u00e7\u00e3o entre o Ip\u00eaTech\/UFLA, o &nbsp;tecnoPARQ\/UFV e a Embrapa Caf\u00e9, o programa de pr\u00e9-acelera\u00e7\u00e3o impulsiona ideias e conecta empreendedores ao mercado com foco em solu\u00e7\u00f5es reais para o setor.<\/p>\n\n\n\n<p>Desde 2019, o Avan\u00e7a Caf\u00e9 contribui para que estudantes, pesquisadores, produtores e startups transformem desafios em oportunidades. As trilhas formativas, mentorias especializadas e o contato com redes de apoio t\u00eam sido fundamentais para que os participantes avancem em seus modelos de neg\u00f3cio.<\/p>\n\n\n\n<p>As atividades s\u00e3o realizadas de forma totalmente online, com encontros ao vivo e conte\u00fados gravados, o que permite a participa\u00e7\u00e3o de equipes de qualquer regi\u00e3o do Brasil. A participa\u00e7\u00e3o \u00e9 gratuita e voltada a pessoas maiores de 18 anos, com perfis diversos \u2014 desde estudantes e pesquisadores at\u00e9 produtores rurais e empreendedores. As equipes podem ter de tr\u00eas a seis integrantes.<\/p>\n\n\n\n<p>Ao longo de seis edi\u00e7\u00f5es, as solu\u00e7\u00f5es propostas abrangeram temas como rastreabilidade, sustentabilidade, intelig\u00eancia artificial, fertilizantes, equipamentos, comercializa\u00e7\u00e3o, clima, controle de pragas e muito mais.<\/p>\n\n\n\n<p><strong>Premia\u00e7\u00e3o e oportunidades<\/strong><\/p>\n\n\n\n<p>A partir da quinta edi\u00e7\u00e3o, o programa passou a contar com o patroc\u00ednio da Organiza\u00e7\u00e3o das Cooperativas Brasileiras (OCB).<\/p>\n\n\n\n<p>A premia\u00e7\u00e3o oferecida  ser\u00e1 no valor bruto total de R$ 42.000, sujeita \u00e0 incid\u00eancia de taxa de opera\u00e7\u00e3o. As startups mais bem avaliadas ao final da acelera\u00e7\u00e3o ser\u00e3o premiadas com valores que devem ser reinvestidos no desenvolvimento das startups.<\/p>\n\n\n\n<p>Os valores l\u00edquidos para premia\u00e7\u00f5es ser\u00e3o:<\/p>\n\n\n\n<ul class=\"wp-block-list\">\n<li>\ud83e\udd47 <strong>1\u00ba lugar<\/strong>: R$\u202f20.000<br><\/li>\n\n\n\n<li>\ud83e\udd48 <strong>2\u00ba lugar<\/strong>: R$\u202f12.000<br><\/li>\n\n\n\n<li>\ud83e\udd49 <strong>3\u00ba lugar<\/strong>: R$\u202f7.480<br><\/li>\n<\/ul>\n\n\n\n<p>Al\u00e9m da premia\u00e7\u00e3o, as equipes ganham visibilidade, conex\u00f5es com o ecossistema de inova\u00e7\u00e3o e oportunidades de continuidade em programas de incuba\u00e7\u00e3o e acelera\u00e7\u00e3o.<\/p>\n\n\n\n<p><strong>Como funciona a pr\u00e9-acelera\u00e7\u00e3o<\/strong><\/p>\n\n\n\n<p>O programa \u00e9 dividido em tr\u00eas est\u00e1gios:<\/p>\n\n\n\n<ul class=\"wp-block-list\">\n<li><strong>Sensibiliza\u00e7\u00e3o e prospec\u00e7\u00e3o<\/strong>: mobiliza\u00e7\u00e3o e a\u00e7\u00f5es informativas com o ecossistema;<br><\/li>\n\n\n\n<li><strong>Pr\u00e9-acelera\u00e7\u00e3o<\/strong>: trilha intensiva de 12 semanas, com oficinas, mentorias, checkpoints e din\u00e2micas;<br><\/li>\n\n\n\n<li><strong>Demoday<\/strong>: evento aberto ao ecossistema, no qual as startups apresentam seus pitches finais.<br><\/li>\n<\/ul>\n\n\n\n<p>A trilha de acelera\u00e7\u00e3o segue uma metodologia pr\u00f3pria, desenvolvida especialmente para o Avan\u00e7a Caf\u00e9. As startups selecionadas participam de workshops sobre modelo de neg\u00f3cio, valida\u00e7\u00e3o, marketing, MVP, UX\/UI, vendas, finan\u00e7as, investimentos e gest\u00e3o estrat\u00e9gica. Al\u00e9m disso, contam com mentorias individualizadas e rodas de feedback com especialistas.<\/p>\n\n\n\n<p>A cada semana, o desempenho das equipes \u00e9 avaliado com base na entrega de atividades e participa\u00e7\u00e3o nas mentorias e bancas, somando \u201ccafe\u00ednas\u201d, que comp\u00f5em o ranking da pr\u00e9-acelera\u00e7\u00e3o. Esse ranking, combinado \u00e0 pontua\u00e7\u00e3o no pitch final, define os vencedores.<\/p>\n\n\n\n<p><strong>Confira os vencedores de cada edi\u00e7\u00e3o:<\/strong><\/p>\n\n\n\n<ul class=\"wp-block-list\">\n<li><strong>2019<\/strong> \u2013 1\u00ba ScanFito | 2\u00ba Qipixel | 3\u00ba AgroRenda<br><\/li>\n\n\n\n<li><strong>2020<\/strong> \u2013 1\u00ba AgroSpectra | 2\u00ba Amachains | 3\u00ba Bio4agro<br><\/li>\n\n\n\n<li><strong>2021<\/strong> \u2013 1\u00ba CoffeeUp&nbsp; | 2\u00ba WantU | 3\u00baTechCoffee<br><\/li>\n\n\n\n<li><strong>2022<\/strong> \u2013 1\u00ba Gr\u00f6n | 2\u00ba ProBioFuture | 3\u00ba Cia.Tech<br><\/li>\n\n\n\n<li><strong>2023<\/strong> \u2013 1\u00ba VinaCoffee | 2\u00ba Cordyall Coffee | 3\u00ba CAFI<br><\/li>\n\n\n\n<li><strong>2024<\/strong> \u2013 1\u00ba Z Coffee Connection | 2\u00ba Defense Fertilizer | 3\u00ba Green Growth AI<\/li>\n<\/ul>\n\n\n\n<p><strong>O que diz quem j\u00e1 participou<\/strong><\/p>\n\n\n\n<p>A startup vencedora em 2024 foi a Z Coffee Connection, desenvolvida no c\u00e2mpus Para\u00edso da UFLA, refor\u00e7ando o potencial de inova\u00e7\u00e3o em diferentes regi\u00f5es. Jo\u00e3o Vizel, CEO da startup, comenta a transforma\u00e7\u00e3o proporcionada pelo programa Avan\u00e7a Caf\u00e9 na trajet\u00f3ria empreendedora enquanto participante:<\/p>\n\n\n\n<p>\u201cA jornada no programa de acelera\u00e7\u00e3o Avan\u00e7a Caf\u00e9 foi intensa e incr\u00edvel. A equipe se dedicou muito para participar de todas as aulas e mentorias. A trilha de educa\u00e7\u00e3o empreendedora do programa foi essencial para o desenvolvimento da minha startup, que inicialmente parecia apenas um projeto distante de se concretizar. Com o apoio do Avan\u00e7a Caf\u00e9, conseguimos transformar uma ideia universit\u00e1ria em uma startup real, com direito a investimento, modelo de neg\u00f3cios estruturado e um est\u00e1gio avan\u00e7ado de valida\u00e7\u00e3o. Al\u00e9m disso, tivemos nosso primeiro contato direto com o cliente.<\/p>\n\n\n\n<p>Toda essa experi\u00eancia agregou valor em v\u00e1rios aspectos das atividades que desenvolvo na faculdade. As apresenta\u00e7\u00f5es semanais em formato de pitch, por exemplo, melhoraram bastante minha desenvoltura ao falar em p\u00fablico. Os conhecimentos adquiridos no programa tamb\u00e9m me ajudaram a tomar decis\u00f5es mais estrat\u00e9gicas na gest\u00e3o de projetos, especialmente na lideran\u00e7a da Z Coffee Connection.<\/p>\n\n\n\n<p>O Avan\u00e7a Caf\u00e9 me ajudou a consolidar meu sonho de empreender ainda durante a gradua\u00e7\u00e3o. Recomendo o programa a todas as pessoas que t\u00eam uma ideia, mas n\u00e3o sabem como tir\u00e1-la do papel \u2014 ou que j\u00e1 t\u00eam um projeto e est\u00e3o em busca de valida\u00e7\u00e3o e investimento.\u201d<\/p>\n\n\n<div class=\"wp-block-image\">\n<figure class=\"aligncenter size-large is-resized\"><img fetchpriority=\"high\" decoding=\"async\" width=\"576\" height=\"1024\" src=\"https:\/\/ipetech.ufla.br\/wp-content\/uploads\/2025\/07\/Z_Coffee-576x1024.jpeg\" alt=\"\" class=\"wp-image-880\" style=\"width:394px;height:auto\" srcset=\"https:\/\/ipetech.ufla.br\/wp-content\/uploads\/2025\/07\/Z_Coffee-576x1024.jpeg 576w, https:\/\/ipetech.ufla.br\/wp-content\/uploads\/2025\/07\/Z_Coffee-169x300.jpeg 169w, https:\/\/ipetech.ufla.br\/wp-content\/uploads\/2025\/07\/Z_Coffee-768x1366.jpeg 768w, https:\/\/ipetech.ufla.br\/wp-content\/uploads\/2025\/07\/Z_Coffee-864x1536.jpeg 864w, https:\/\/ipetech.ufla.br\/wp-content\/uploads\/2025\/07\/Z_Coffee-1152x2048.jpeg 1152w, https:\/\/ipetech.ufla.br\/wp-content\/uploads\/2025\/07\/Z_Coffee-607x1080.jpeg 607w, https:\/\/ipetech.ufla.br\/wp-content\/uploads\/2025\/07\/Z_Coffee-scaled.jpeg 1439w\" sizes=\"(max-width: 576px) 100vw, 576px\" \/><\/figure><\/div>\n\n\n<p class=\"has-text-align-center\">Jo\u00e3o Vizel (ao centro) e a equipe Z Coffee Connection<\/p>\n\n\n\n<p><strong>Edital 7.0 j\u00e1 est\u00e1 dispon\u00edvel<\/strong><\/p>\n\n\n\n<p>A s\u00e9tima edi\u00e7\u00e3o do programa j\u00e1 est\u00e1 com inscri\u00e7\u00f5es abertas. A participa\u00e7\u00e3o \u00e9 gratuita e o processo seletivo \u00e9 voltado a pessoas ou equipes com ideias inovadoras aplic\u00e1veis \u00e0 cadeia do caf\u00e9, desde a produ\u00e7\u00e3o at\u00e9 a comercializa\u00e7\u00e3o.<\/p>\n\n\n\n<p>As inscri\u00e7\u00f5es devem ser feitas at\u00e9 o dia<strong> 20 de agosto<\/strong>. O resultado final das equipes selecionadas ser\u00e1 divulgado em <strong>30 de agosto<\/strong>. A trilha de pr\u00e9-acelera\u00e7\u00e3o come\u00e7a em <strong>2 de setembro<\/strong> e o Demoday est\u00e1 previsto para o dia <strong>11 de dezembro<\/strong>.<\/p>\n\n\n\n<p><strong>Live tira-d\u00favidas sobre o edital Avan\u00e7a Caf\u00e9 ser\u00e1 realizada no dia 6 de agosto<\/strong><\/p>\n\n\n\n<figure class=\"wp-block-image size-large\"><img decoding=\"async\" width=\"1024\" height=\"536\" src=\"https:\/\/ipetech.ufla.br\/wp-content\/uploads\/2025\/07\/1-1-1024x536.png\" alt=\"\" class=\"wp-image-881\" srcset=\"https:\/\/ipetech.ufla.br\/wp-content\/uploads\/2025\/07\/1-1-1024x536.png 1024w, https:\/\/ipetech.ufla.br\/wp-content\/uploads\/2025\/07\/1-1-300x157.png 300w, https:\/\/ipetech.ufla.br\/wp-content\/uploads\/2025\/07\/1-1-768x402.png 768w, https:\/\/ipetech.ufla.br\/wp-content\/uploads\/2025\/07\/1-1-1536x804.png 1536w, https:\/\/ipetech.ufla.br\/wp-content\/uploads\/2025\/07\/1-1.png 1600w\" sizes=\"(max-width: 1024px) 100vw, 1024px\" \/><\/figure>\n\n\n\n<p>Empreendedores, estudantes, pesquisadores e profissionais com ideias inovadoras para o setor cafeeiro ter\u00e3o a oportunidade de esclarecer d\u00favidas sobre o edital da s\u00e9tima edi\u00e7\u00e3o do programa Avan\u00e7a Caf\u00e9 em uma live especial promovida pelo Ip\u00eaTech. O evento ser\u00e1 realizado no dia 6 de agosto, das 17h30 \u00e0s 19h, com transmiss\u00e3o ao vivo pela plataforma Sympla.<\/p>\n\n\n\n<p>Durante a live, a equipe organizadora vai apresentar os principais pontos do edital, detalhar os crit\u00e9rios de sele\u00e7\u00e3o e orientar os participantes sobre como realizar a inscri\u00e7\u00e3o de forma correta e completa. Al\u00e9m disso, haver\u00e1 um espa\u00e7o aberto para perguntas ao vivo, promovendo a intera\u00e7\u00e3o com o p\u00fablico.<\/p>\n\n\n\n<p>A participa\u00e7\u00e3o \u00e9 gratuita e aberta a todos os interessados em desenvolver solu\u00e7\u00f5es para a cadeia produtiva do caf\u00e9, seja na fase de ideia, opera\u00e7\u00e3o inicial ou desenvolvimento de prot\u00f3tipo.<\/p>\n\n\n\n<p><strong>Participe da live <\/strong><strong>Tira-d\u00favidas: Avan\u00e7a Caf\u00e9 7.0:<\/strong> <a href=\"https:\/\/www.sympla.com.br\/evento-online\/tira-duvidas-avanca-cafe-7-0\/3045332\">https:\/\/www.sympla.com.br\/evento-online\/tira-duvidas-avanca-cafe-7-0\/3045332<\/a><\/p>\n\n\n\n<p><strong>Acesse o edital completo do programa: <\/strong><a href=\"https:\/\/ipetech.ufla.br\/index.php\/2025\/05\/22\/edital-do-avanca-cafe-7-0\/\">https:\/\/ipetech.ufla.br\/index.php\/2025\/05\/22\/edital-do-avanca-cafe-7-0\/<\/a><\/p>\n\n\n\n<p><strong>Inscreva-se no Avan\u00e7a Caf\u00e9 7.0 pelo formul\u00e1rio:<\/strong><a href=\"https:\/\/forms.gle\/jca258oQxwmv7RBcA\"> https:\/\/forms.gle\/jca258oQxwmv7RBcA<\/a><\/p>\n\n\n\n<p><\/p>\n","protected":false},"excerpt":{"rendered":"<p>Com 76 projetos apoiados at\u00e9 o momento, o Avan\u00e7a Caf\u00e9 chega \u00e0 sua s\u00e9tima edi\u00e7\u00e3o consolidado como uma das principais iniciativas de incentivo \u00e0 inova\u00e7\u00e3o na cadeia produtiva do caf\u00e9 no Brasil. Realizado por meio de uma articula\u00e7\u00e3o entre o Ip\u00eaTech\/UFLA, o &nbsp;tecnoPARQ\/UFV e a Embrapa Caf\u00e9, o programa de pr\u00e9-acelera\u00e7\u00e3o impulsiona ideias e conecta [&hellip;]<\/p>\n","protected":false},"author":4,"featured_media":926,"comment_status":"open","ping_status":"open","sticky":false,"template":"","format":"standard","meta":{"saved_in_kubio":false,"footnotes":""},"categories":[14],"tags":[],"class_list":["post-879","post","type-post","status-publish","format-standard","has-post-thumbnail","hentry","category-artigos"],"_links":{"self":[{"href":"https:\/\/ipetech.ufla.br\/index.php\/wp-json\/wp\/v2\/posts\/879","targetHints":{"allow":["GET"]}}],"collection":[{"href":"https:\/\/ipetech.ufla.br\/index.php\/wp-json\/wp\/v2\/posts"}],"about":[{"href":"https:\/\/ipetech.ufla.br\/index.php\/wp-json\/wp\/v2\/types\/post"}],"author":[{"embeddable":true,"href":"https:\/\/ipetech.ufla.br\/index.php\/wp-json\/wp\/v2\/users\/4"}],"replies":[{"embeddable":true,"href":"https:\/\/ipetech.ufla.br\/index.php\/wp-json\/wp\/v2\/comments?post=879"}],"version-history":[{"count":9,"href":"https:\/\/ipetech.ufla.br\/index.php\/wp-json\/wp\/v2\/posts\/879\/revisions"}],"predecessor-version":[{"id":930,"href":"https:\/\/ipetech.ufla.br\/index.php\/wp-json\/wp\/v2\/posts\/879\/revisions\/930"}],"wp:featuredmedia":[{"embeddable":true,"href":"https:\/\/ipetech.ufla.br\/index.php\/wp-json\/wp\/v2\/media\/926"}],"wp:attachment":[{"href":"https:\/\/ipetech.ufla.br\/index.php\/wp-json\/wp\/v2\/media?parent=879"}],"wp:term":[{"taxonomy":"category","embeddable":true,"href":"https:\/\/ipetech.ufla.br\/index.php\/wp-json\/wp\/v2\/categories?post=879"},{"taxonomy":"post_tag","embeddable":true,"href":"https:\/\/ipetech.ufla.br\/index.php\/wp-json\/wp\/v2\/tags?post=879"}],"curies":[{"name":"wp","href":"https:\/\/api.w.org\/{rel}","templated":true}]}}