{"id":943,"date":"2025-08-07T11:16:34","date_gmt":"2025-08-07T14:16:34","guid":{"rendered":"https:\/\/ipetech.ufla.br\/?p=943"},"modified":"2025-08-08T09:45:31","modified_gmt":"2025-08-08T12:45:31","slug":"live-de-lancamento-do-avanca-cafe-7-0-apresenta-oportunidades-para-transformar-ideias-em-negocios-inovadores","status":"publish","type":"post","link":"https:\/\/ipetech.ufla.br\/index.php\/2025\/08\/07\/live-de-lancamento-do-avanca-cafe-7-0-apresenta-oportunidades-para-transformar-ideias-em-negocios-inovadores\/","title":{"rendered":"Live de lan\u00e7amento do Avan\u00e7a Caf\u00e9 7.0 apresenta oportunidades para transformar ideias em neg\u00f3cios inovadores"},"content":{"rendered":"\n<p>A edi\u00e7\u00e3o 7.0 do programa Avan\u00e7a Caf\u00e9 foi oficialmente lan\u00e7ada em uma live realizada no dia 6 de agosto, reunindo representantes da Embrapa Caf\u00e9, Universidade Federal de Lavras (UFLA), Universidade Federal de Vi\u00e7osa (UFV) e participantes das edi\u00e7\u00f5es anteriores. O encontro marcou a abertura das inscri\u00e7\u00f5es para o ciclo 2025 e destacou as oportunidades de transforma\u00e7\u00e3o de ideias inovadoras em neg\u00f3cios de impacto no setor cafeeiro.<\/p>\n\n\n\n<p>Na abertura, <strong>Antonio Luiz Heberl\u00ea<\/strong>, da Embrapa Caf\u00e9, relembrou a origem do programa, que nasceu da colabora\u00e7\u00e3o entre universidades e centros de pesquisa, e se consolidou como refer\u00eancia nacional em inova\u00e7\u00e3o para a cadeia do caf\u00e9. Segundo ele, o modelo do Avan\u00e7a Caf\u00e9 j\u00e1 inspira outras iniciativas na Embrapa e demonstra que \u00e9 poss\u00edvel desenvolver solu\u00e7\u00f5es a partir das universidades e lev\u00e1-las ao mercado com apoio t\u00e9cnico e institucional.<\/p>\n\n\n\n<p>A professora <strong>Dalyse Toledo Castanheira<\/strong>, da UFLA, apresentou a estrutura t\u00e9cnica da universidade voltada \u00e0 cafeicultura e destacou o papel da institui\u00e7\u00e3o como coexecutora do programa. Representando o Ip\u00eaTech o assessor <strong>Alex Bager<\/strong> refor\u00e7ou a estrutura de apoio oferecida para idea\u00e7\u00e3o, pr\u00e9-acelera\u00e7\u00e3o e desenvolvimento de startups.&nbsp;<\/p>\n\n\n\n<p>Do lado da UFV, o agente de acelera\u00e7\u00e3o <strong>Breno Carrara<\/strong>, do tecnoPARQ, apresentou a estrutura do parque tecnol\u00f3gico e explicou como a UFV contribui para transformar ci\u00eancia em solu\u00e7\u00f5es aplicadas ao mercado.&nbsp;<\/p>\n\n\n\n<p>Um dos pontos altos da live foi o depoimento do egresso <strong>Jo\u00e3o Vizel<\/strong>, que participou da edi\u00e7\u00e3o anterior e hoje lidera a startup <strong>Z Coffee Connection<\/strong>. Jo\u00e3o compartilhou sua trajet\u00f3ria desde a fase de idea\u00e7\u00e3o at\u00e9 a consolida\u00e7\u00e3o da empresa, destacando o impacto do programa em sua forma\u00e7\u00e3o como empreendedor. Em 2025, ele retorna ao Avan\u00e7a Caf\u00e9 como agente de acelera\u00e7\u00e3o pelo Ip\u00eaTech, atuando diretamente no apoio \u00e0s novas equipes.<\/p>\n\n\n\n<p>Durante a transmiss\u00e3o, foram apresentados os detalhes do edital 2025: o cronograma da jornada de acelera\u00e7\u00e3o, os temas das 12 semanas de capacita\u00e7\u00e3o, as atividades pr\u00e1ticas e os crit\u00e9rios de sele\u00e7\u00e3o das equipes. As inscri\u00e7\u00f5es seguem abertas at\u00e9 o dia <strong>20 de agosto<\/strong>.<\/p>\n\n\n\n<p>\ud83d\udcc5 <strong>Inscri\u00e7\u00f5es at\u00e9:<\/strong> 20\/08\/2025<br>\ud83d\udd17 <strong>Saiba mais:<\/strong><a href=\"https:\/\/bit.ly\/3GCN9SZ\"> https:\/\/bit.ly\/3GCN9SZ<\/a><\/p>\n\n\n\n<p>E lembre-se: temos uma pessoa dedicada para te ajudar com a submiss\u00e3o da proposta e tirar todas as suas d\u00favidas.<br>\ud83d\udce9 Contato: <strong>Jo\u00e3o Vizel<\/strong><br>\ud83d\udce7 <a>joaovizel@ipetech.ufla.br<\/a><br>\ud83d\udcf1 +55 19 98930-9351<\/p>\n\n\n\n<p>Para quem perdeu a transmiss\u00e3o ao vivo, a grava\u00e7\u00e3o da live est\u00e1 dispon\u00edvel no YouTube:<\/p>\n\n\n\n<figure class=\"wp-block-embed alignfull is-type-video is-provider-youtube wp-block-embed-youtube wp-embed-aspect-16-9 wp-has-aspect-ratio\"><div class=\"wp-block-embed__wrapper\">\n<iframe title=\"Tira-d\u00favidas: Avan\u00e7a Caf\u00e9 7.0\" width=\"500\" height=\"281\" src=\"https:\/\/www.youtube.com\/embed\/KI1HIrKK_Lw?feature=oembed\" frameborder=\"0\" allow=\"accelerometer; autoplay; clipboard-write; encrypted-media; gyroscope; picture-in-picture; web-share\" referrerpolicy=\"strict-origin-when-cross-origin\" allowfullscreen><\/iframe>\n<\/div><\/figure>\n\n\n\n<p><\/p>\n","protected":false},"excerpt":{"rendered":"<p>A edi\u00e7\u00e3o 7.0 do programa Avan\u00e7a Caf\u00e9 foi oficialmente lan\u00e7ada em uma live realizada no dia 6 de agosto, reunindo representantes da Embrapa Caf\u00e9, Universidade Federal de Lavras (UFLA), Universidade Federal de Vi\u00e7osa (UFV) e participantes das edi\u00e7\u00f5es anteriores. O encontro marcou a abertura das inscri\u00e7\u00f5es para o ciclo 2025 e destacou as oportunidades de [&hellip;]<\/p>\n","protected":false},"author":4,"featured_media":956,"comment_status":"open","ping_status":"open","sticky":false,"template":"","format":"standard","meta":{"saved_in_kubio":false,"footnotes":""},"categories":[8],"tags":[],"class_list":["post-943","post","type-post","status-publish","format-standard","has-post-thumbnail","hentry","category-noticias"],"_links":{"self":[{"href":"https:\/\/ipetech.ufla.br\/index.php\/wp-json\/wp\/v2\/posts\/943","targetHints":{"allow":["GET"]}}],"collection":[{"href":"https:\/\/ipetech.ufla.br\/index.php\/wp-json\/wp\/v2\/posts"}],"about":[{"href":"https:\/\/ipetech.ufla.br\/index.php\/wp-json\/wp\/v2\/types\/post"}],"author":[{"embeddable":true,"href":"https:\/\/ipetech.ufla.br\/index.php\/wp-json\/wp\/v2\/users\/4"}],"replies":[{"embeddable":true,"href":"https:\/\/ipetech.ufla.br\/index.php\/wp-json\/wp\/v2\/comments?post=943"}],"version-history":[{"count":9,"href":"https:\/\/ipetech.ufla.br\/index.php\/wp-json\/wp\/v2\/posts\/943\/revisions"}],"predecessor-version":[{"id":963,"href":"https:\/\/ipetech.ufla.br\/index.php\/wp-json\/wp\/v2\/posts\/943\/revisions\/963"}],"wp:featuredmedia":[{"embeddable":true,"href":"https:\/\/ipetech.ufla.br\/index.php\/wp-json\/wp\/v2\/media\/956"}],"wp:attachment":[{"href":"https:\/\/ipetech.ufla.br\/index.php\/wp-json\/wp\/v2\/media?parent=943"}],"wp:term":[{"taxonomy":"category","embeddable":true,"href":"https:\/\/ipetech.ufla.br\/index.php\/wp-json\/wp\/v2\/categories?post=943"},{"taxonomy":"post_tag","embeddable":true,"href":"https:\/\/ipetech.ufla.br\/index.php\/wp-json\/wp\/v2\/tags?post=943"}],"curies":[{"name":"wp","href":"https:\/\/api.w.org\/{rel}","templated":true}]}}